{"id":297,"date":"2010-10-27T19:08:27","date_gmt":"2010-10-27T19:08:27","guid":{"rendered":"http:\/\/www.adismonta.com\/reto\/?p=297"},"modified":"2011-02-23T19:01:53","modified_gmt":"2011-02-23T19:01:53","slug":"avutarda","status":"publish","type":"post","link":"https:\/\/www.adismonta.com\/reto\/primavera\/avutarda\/","title":{"rendered":"Avutarda"},"content":{"rendered":"<p><a href=\"https:\/\/www.adismonta.com\/reto\/wp-content\/uploads\/2010\/10\/avutarda.png\"><img loading=\"lazy\" decoding=\"async\" class=\"alignleft size-medium wp-image-304\" title=\"avutarda\" src=\"https:\/\/www.adismonta.com\/reto\/wp-content\/uploads\/2010\/10\/avutarda-300x262.png\" alt=\"\" width=\"300\" height=\"262\" srcset=\"https:\/\/www.adismonta.com\/reto\/wp-content\/uploads\/2010\/10\/avutarda-300x262.png 300w, https:\/\/www.adismonta.com\/reto\/wp-content\/uploads\/2010\/10\/avutarda-150x131.png 150w, https:\/\/www.adismonta.com\/reto\/wp-content\/uploads\/2010\/10\/avutarda.png 311w\" sizes=\"auto, (max-width: 300px) 100vw, 300px\" \/><\/a>Ave englobada dentro del grupo denominado \u201cesteparias\u201d. Si bien no son los Llanos de C\u00e1ceres, Trujillo o Magasca territorios estrictamente estepas s\u00ed que se consideran pseudoestepas y a las aves ligadas casi exclusivamente a este tipo de ecosistema tienen ese calificativo. La avutarda es la mayor de todas con casi  18 kilogramos algunos machos.  Se trata de una especie sedentaria. Es una especie gregaria buena parte del a\u00f1o lo que unido a su tama\u00f1o hace que su observaci\u00f3n no sea dif\u00edcil. Mucho m\u00e1s f\u00e1cil si lo intentamos en las zonas de Llanos de esta comarca, consideradas de las mejores de Extremadura para esta especie. Una de las etapas m\u00e1s interesante de disfrutar es la \u00e9poca de celo. En ella el macho realiza la popular \u201crueda\u201d para exhibirse ante las hembras. El mes de marzo en estas llanuras de la comarca Sierra de Montanchez y Tamuja puede ser una de las visiones de fauna m\u00e1s interesante de los que suceden en la pen\u00ednsula ib\u00e9rica.<\/p>\n","protected":false},"excerpt":{"rendered":"<p>Ave englobada dentro del grupo denominado \u201cesteparias\u201d. Si bien no son los Llanos de C\u00e1ceres, Trujillo o Magasca territorios estrictamente estepas s\u00ed que se consideran pseudoestepas y a las aves ligadas casi exclusivamente a este tipo de ecosistema tienen ese calificativo. La avutarda es la mayor de todas con casi  18 kilogramos algunos machos.  Se trata de una especie [Leer mas&#8230;]<\/p>\n","protected":false},"author":1,"featured_media":304,"comment_status":"closed","ping_status":"closed","sticky":false,"template":"","format":"standard","meta":{"ngg_post_thumbnail":0,"footnotes":""},"categories":[37,15,14,12,13],"tags":[9],"class_list":["post-297","post","type-post","status-publish","format-standard","has-post-thumbnail","hentry","category-aves","category-invierno-zonas-humedas","category-otono","category-primavera","category-verano","tag-llanos"],"_links":{"self":[{"href":"https:\/\/www.adismonta.com\/reto\/wp-json\/wp\/v2\/posts\/297","targetHints":{"allow":["GET"]}}],"collection":[{"href":"https:\/\/www.adismonta.com\/reto\/wp-json\/wp\/v2\/posts"}],"about":[{"href":"https:\/\/www.adismonta.com\/reto\/wp-json\/wp\/v2\/types\/post"}],"author":[{"embeddable":true,"href":"https:\/\/www.adismonta.com\/reto\/wp-json\/wp\/v2\/users\/1"}],"replies":[{"embeddable":true,"href":"https:\/\/www.adismonta.com\/reto\/wp-json\/wp\/v2\/comments?post=297"}],"version-history":[{"count":6,"href":"https:\/\/www.adismonta.com\/reto\/wp-json\/wp\/v2\/posts\/297\/revisions"}],"predecessor-version":[{"id":843,"href":"https:\/\/www.adismonta.com\/reto\/wp-json\/wp\/v2\/posts\/297\/revisions\/843"}],"wp:featuredmedia":[{"embeddable":true,"href":"https:\/\/www.adismonta.com\/reto\/wp-json\/wp\/v2\/media\/304"}],"wp:attachment":[{"href":"https:\/\/www.adismonta.com\/reto\/wp-json\/wp\/v2\/media?parent=297"}],"wp:term":[{"taxonomy":"category","embeddable":true,"href":"https:\/\/www.adismonta.com\/reto\/wp-json\/wp\/v2\/categories?post=297"},{"taxonomy":"post_tag","embeddable":true,"href":"https:\/\/www.adismonta.com\/reto\/wp-json\/wp\/v2\/tags?post=297"}],"curies":[{"name":"wp","href":"https:\/\/api.w.org\/{rel}","templated":true}]}}