{"id":299,"date":"2010-10-27T19:10:00","date_gmt":"2010-10-27T19:10:00","guid":{"rendered":"http:\/\/www.adismonta.com\/reto\/?p=299"},"modified":"2012-04-13T11:27:52","modified_gmt":"2012-04-13T11:27:52","slug":"sison","status":"publish","type":"post","link":"https:\/\/www.adismonta.com\/reto\/primavera\/sison\/","title":{"rendered":"Sis\u00f3n"},"content":{"rendered":"<p><a href=\"#subirfoto\"><\/a><\/p>\n<div id=\"attachment_917\" style=\"width: 310px\" class=\"wp-caption alignleft\"><a href=\"https:\/\/www.adismonta.com\/reto\/wp-content\/uploads\/2010\/10\/Sisones.jpg\"><img loading=\"lazy\" decoding=\"async\" aria-describedby=\"caption-attachment-917\" class=\"size-medium wp-image-917\" title=\"Sisones\" src=\"https:\/\/www.adismonta.com\/reto\/wp-content\/uploads\/2010\/10\/Sisones-300x199.jpg\" alt=\"\" width=\"300\" height=\"199\" srcset=\"https:\/\/www.adismonta.com\/reto\/wp-content\/uploads\/2010\/10\/Sisones-300x199.jpg 300w, https:\/\/www.adismonta.com\/reto\/wp-content\/uploads\/2010\/10\/Sisones-150x99.jpg 150w, https:\/\/www.adismonta.com\/reto\/wp-content\/uploads\/2010\/10\/Sisones-400x265.jpg 400w, https:\/\/www.adismonta.com\/reto\/wp-content\/uploads\/2010\/10\/Sisones.jpg 659w\" sizes=\"auto, (max-width: 300px) 100vw, 300px\" \/><\/a><p id=\"caption-attachment-917\" class=\"wp-caption-text\">Sisones. Foto Objetivo Verde<\/p><\/div>\n<p>Este ave tambi\u00e9n esta englobada dentro del grupo denominado \u201cesteparias\u201d. Si bien no son los Llanos de C\u00e1ceres, Trujillo o Magasca territorios estrictamente estepas s\u00ed que se consideran pseudoestepas y a las aves ligadas casi exclusivamente a este tipo de ecosistema tienen ese calificativo. Es como una peque\u00f1a avutarda de hasta 45 cm. En esta especie el dimorfismo sexual es m\u00e1s acentuado que en la avutarda. Se puede ver muy bien en la \u00e9poca del cortejo ya que el macho exhibe un vistoso plumaje del cuello y realiza saltos batiendo las alas y emitiendo un sonido reconocible en la distancia. Estas zonas se denominan cantaderos. Al volar los machos producen un sonido caracter\u00edstico conocido como siseo lo que probablemente le ha dado el nombre a la especie. Al igual que la avutarda, estas \u201cestepas\u201d del territorio de la comarca\u00a0son un muy buen lugar para disfrutar de esta especie.<\/p>\n","protected":false},"excerpt":{"rendered":"<\/p>\n<p id=\"caption-attachment-917\" class=\"wp-caption-text\">Sisones. Foto Objetivo Verde<\/p>\n<p>Este ave tambi\u00e9n esta englobada dentro del grupo denominado \u201cesteparias\u201d. Si bien no son los Llanos de C\u00e1ceres, Trujillo o Magasca territorios estrictamente estepas s\u00ed que se consideran pseudoestepas y a las aves ligadas casi exclusivamente a este tipo de ecosistema tienen ese calificativo. Es como una peque\u00f1a avutarda de hasta 45 cm. En esta especie [Leer mas&#8230;]<\/p>\n","protected":false},"author":1,"featured_media":917,"comment_status":"closed","ping_status":"closed","sticky":false,"template":"","format":"standard","meta":{"ngg_post_thumbnail":0,"footnotes":""},"categories":[37,15,14,12,13],"tags":[9],"class_list":["post-299","post","type-post","status-publish","format-standard","has-post-thumbnail","hentry","category-aves","category-invierno-zonas-humedas","category-otono","category-primavera","category-verano","tag-llanos"],"_links":{"self":[{"href":"https:\/\/www.adismonta.com\/reto\/wp-json\/wp\/v2\/posts\/299","targetHints":{"allow":["GET"]}}],"collection":[{"href":"https:\/\/www.adismonta.com\/reto\/wp-json\/wp\/v2\/posts"}],"about":[{"href":"https:\/\/www.adismonta.com\/reto\/wp-json\/wp\/v2\/types\/post"}],"author":[{"embeddable":true,"href":"https:\/\/www.adismonta.com\/reto\/wp-json\/wp\/v2\/users\/1"}],"replies":[{"embeddable":true,"href":"https:\/\/www.adismonta.com\/reto\/wp-json\/wp\/v2\/comments?post=299"}],"version-history":[{"count":8,"href":"https:\/\/www.adismonta.com\/reto\/wp-json\/wp\/v2\/posts\/299\/revisions"}],"predecessor-version":[{"id":478,"href":"https:\/\/www.adismonta.com\/reto\/wp-json\/wp\/v2\/posts\/299\/revisions\/478"}],"wp:featuredmedia":[{"embeddable":true,"href":"https:\/\/www.adismonta.com\/reto\/wp-json\/wp\/v2\/media\/917"}],"wp:attachment":[{"href":"https:\/\/www.adismonta.com\/reto\/wp-json\/wp\/v2\/media?parent=299"}],"wp:term":[{"taxonomy":"category","embeddable":true,"href":"https:\/\/www.adismonta.com\/reto\/wp-json\/wp\/v2\/categories?post=299"},{"taxonomy":"post_tag","embeddable":true,"href":"https:\/\/www.adismonta.com\/reto\/wp-json\/wp\/v2\/tags?post=299"}],"curies":[{"name":"wp","href":"https:\/\/api.w.org\/{rel}","templated":true}]}}