{"id":301,"date":"2010-10-27T19:12:17","date_gmt":"2010-10-27T19:12:17","guid":{"rendered":"http:\/\/www.adismonta.com\/reto\/?p=301"},"modified":"2011-02-23T19:01:21","modified_gmt":"2011-02-23T19:01:21","slug":"aguilucho-cenizo","status":"publish","type":"post","link":"https:\/\/www.adismonta.com\/reto\/primavera\/aguilucho-cenizo\/","title":{"rendered":"Aguilucho cenizo"},"content":{"rendered":"<p><a href=\"https:\/\/www.adismonta.com\/reto\/wp-content\/uploads\/2010\/10\/aguiluchocenizo.png\"><img loading=\"lazy\" decoding=\"async\" class=\"alignleft size-medium wp-image-302\" title=\"aguiluchocenizo\" src=\"https:\/\/www.adismonta.com\/reto\/wp-content\/uploads\/2010\/10\/aguiluchocenizo-300x262.png\" alt=\"\" width=\"300\" height=\"262\" srcset=\"https:\/\/www.adismonta.com\/reto\/wp-content\/uploads\/2010\/10\/aguiluchocenizo-300x262.png 300w, https:\/\/www.adismonta.com\/reto\/wp-content\/uploads\/2010\/10\/aguiluchocenizo-150x131.png 150w, https:\/\/www.adismonta.com\/reto\/wp-content\/uploads\/2010\/10\/aguiluchocenizo.png 311w\" sizes=\"auto, (max-width: 300px) 100vw, 300px\" \/><\/a>Ave rapaz, pero englobada tambi\u00e9n dentro del grupo denominado \u201cesteparias\u201d. Si bien no son los Llanos de C\u00e1ceres, Trujillo o Magasca territorios estrictamente estepas s\u00ed que se consideran pseudoestepas y a las aves ligadas casi exclusivamente a este tipo de ecosistema tienen ese calificativo. Ave muy ligada a los campos cerealistas donde suele hacer sus nidos.  Suele ser f\u00e1cil de detectar en primavera y verano por su caracter\u00edstico vuelo a baja altura. Se trata de un devorador de peque\u00f1os roedores e insectos. Existe dimorfismo sexual, siendo los machos m\u00e1s llamativos. Estos presentan un plumaje gris mientras que las hembras son pardo rojizas. Llega a medir 46 cm. Al igual que el resto de aves esteparias los tres espacios estep\u00e1ricos de la RED NATURA 2000 (llanos de C\u00e1ceres, Trujillo y Magasca) son de excelente calidad para su avistamiento.<\/p>\n","protected":false},"excerpt":{"rendered":"<p>Ave rapaz, pero englobada tambi\u00e9n dentro del grupo denominado \u201cesteparias\u201d. Si bien no son los Llanos de C\u00e1ceres, Trujillo o Magasca territorios estrictamente estepas s\u00ed que se consideran pseudoestepas y a las aves ligadas casi exclusivamente a este tipo de ecosistema tienen ese calificativo. Ave muy ligada a los campos cerealistas donde suele hacer sus nidos.  Suele ser f\u00e1cil de [Leer mas&#8230;]<\/p>\n","protected":false},"author":1,"featured_media":302,"comment_status":"closed","ping_status":"closed","sticky":false,"template":"","format":"standard","meta":{"ngg_post_thumbnail":0,"footnotes":""},"categories":[37,12,13],"tags":[9],"class_list":["post-301","post","type-post","status-publish","format-standard","has-post-thumbnail","hentry","category-aves","category-primavera","category-verano","tag-llanos"],"_links":{"self":[{"href":"https:\/\/www.adismonta.com\/reto\/wp-json\/wp\/v2\/posts\/301","targetHints":{"allow":["GET"]}}],"collection":[{"href":"https:\/\/www.adismonta.com\/reto\/wp-json\/wp\/v2\/posts"}],"about":[{"href":"https:\/\/www.adismonta.com\/reto\/wp-json\/wp\/v2\/types\/post"}],"author":[{"embeddable":true,"href":"https:\/\/www.adismonta.com\/reto\/wp-json\/wp\/v2\/users\/1"}],"replies":[{"embeddable":true,"href":"https:\/\/www.adismonta.com\/reto\/wp-json\/wp\/v2\/comments?post=301"}],"version-history":[{"count":5,"href":"https:\/\/www.adismonta.com\/reto\/wp-json\/wp\/v2\/posts\/301\/revisions"}],"predecessor-version":[{"id":841,"href":"https:\/\/www.adismonta.com\/reto\/wp-json\/wp\/v2\/posts\/301\/revisions\/841"}],"wp:featuredmedia":[{"embeddable":true,"href":"https:\/\/www.adismonta.com\/reto\/wp-json\/wp\/v2\/media\/302"}],"wp:attachment":[{"href":"https:\/\/www.adismonta.com\/reto\/wp-json\/wp\/v2\/media?parent=301"}],"wp:term":[{"taxonomy":"category","embeddable":true,"href":"https:\/\/www.adismonta.com\/reto\/wp-json\/wp\/v2\/categories?post=301"},{"taxonomy":"post_tag","embeddable":true,"href":"https:\/\/www.adismonta.com\/reto\/wp-json\/wp\/v2\/tags?post=301"}],"curies":[{"name":"wp","href":"https:\/\/api.w.org\/{rel}","templated":true}]}}