{"id":321,"date":"2010-10-27T19:32:24","date_gmt":"2010-10-27T19:32:24","guid":{"rendered":"http:\/\/www.adismonta.com\/reto\/?p=321"},"modified":"2011-02-23T19:01:20","modified_gmt":"2011-02-23T19:01:20","slug":"crialo-europeo","status":"publish","type":"post","link":"https:\/\/www.adismonta.com\/reto\/primavera\/crialo-europeo\/","title":{"rendered":"Cr\u00edalo europeo"},"content":{"rendered":"<p><a href=\"#subirfoto\"><img loading=\"lazy\" decoding=\"async\" class=\"alignleft size-full wp-image-456\" title=\"Sin imagen\" src=\"https:\/\/www.adismonta.com\/reto\/wp-content\/uploads\/2010\/10\/noimage.png\" alt=\"Invitaci\u00f3n para subir una foto a esta p\u00e1gina\" width=\"231\" height=\"206\" srcset=\"https:\/\/www.adismonta.com\/reto\/wp-content\/uploads\/2010\/10\/noimage.png 231w, https:\/\/www.adismonta.com\/reto\/wp-content\/uploads\/2010\/10\/noimage-150x133.png 150w\" sizes=\"auto, (max-width: 231px) 100vw, 231px\" \/><\/a>Se trata de un ave pariente cercano al Cuco. Llega hasta los 38 cm. Muy sonoro, frecuentemente seguido por urraca. Se trata de un ave con cr\u00eda parasita. Pone los huevos en nidos de otras especies para que estas le cr\u00eden a su prole. Sigue la misma estrategia que el cuco. Una diferencia apreciable es que el Cr\u00edalo parasita nidos sobre todo de urracas, mientras que el cuco tiene un espectro m\u00e1s amplio.  No es un ave dif\u00edcil de ver en la comarca y es muy buscada por los aficionados del norte de Europa. En Extremadura est\u00e1 catalogada como de inter\u00e9s especial.<\/p>\n","protected":false},"excerpt":{"rendered":"<p>Se trata de un ave pariente cercano al Cuco. Llega hasta los 38 cm. Muy sonoro, frecuentemente seguido por urraca. Se trata de un ave con cr\u00eda parasita. Pone los huevos en nidos de otras especies para que estas le cr\u00eden a su prole. Sigue la misma estrategia que el cuco. Una diferencia apreciable es que el Cr\u00edalo parasita nidos sobre [Leer mas&#8230;]<\/p>\n","protected":false},"author":1,"featured_media":456,"comment_status":"closed","ping_status":"closed","sticky":false,"template":"","format":"standard","meta":{"ngg_post_thumbnail":0,"footnotes":""},"categories":[37,12,13],"tags":[19,9],"class_list":["post-321","post","type-post","status-publish","format-standard","has-post-thumbnail","hentry","category-aves","category-primavera","category-verano","tag-dehesa","tag-llanos"],"_links":{"self":[{"href":"https:\/\/www.adismonta.com\/reto\/wp-json\/wp\/v2\/posts\/321","targetHints":{"allow":["GET"]}}],"collection":[{"href":"https:\/\/www.adismonta.com\/reto\/wp-json\/wp\/v2\/posts"}],"about":[{"href":"https:\/\/www.adismonta.com\/reto\/wp-json\/wp\/v2\/types\/post"}],"author":[{"embeddable":true,"href":"https:\/\/www.adismonta.com\/reto\/wp-json\/wp\/v2\/users\/1"}],"replies":[{"embeddable":true,"href":"https:\/\/www.adismonta.com\/reto\/wp-json\/wp\/v2\/comments?post=321"}],"version-history":[{"count":8,"href":"https:\/\/www.adismonta.com\/reto\/wp-json\/wp\/v2\/posts\/321\/revisions"}],"predecessor-version":[{"id":835,"href":"https:\/\/www.adismonta.com\/reto\/wp-json\/wp\/v2\/posts\/321\/revisions\/835"}],"wp:featuredmedia":[{"embeddable":true,"href":"https:\/\/www.adismonta.com\/reto\/wp-json\/wp\/v2\/media\/456"}],"wp:attachment":[{"href":"https:\/\/www.adismonta.com\/reto\/wp-json\/wp\/v2\/media?parent=321"}],"wp:term":[{"taxonomy":"category","embeddable":true,"href":"https:\/\/www.adismonta.com\/reto\/wp-json\/wp\/v2\/categories?post=321"},{"taxonomy":"post_tag","embeddable":true,"href":"https:\/\/www.adismonta.com\/reto\/wp-json\/wp\/v2\/tags?post=321"}],"curies":[{"name":"wp","href":"https:\/\/api.w.org\/{rel}","templated":true}]}}