{"id":332,"date":"2010-10-27T20:12:02","date_gmt":"2010-10-27T20:12:02","guid":{"rendered":"http:\/\/www.adismonta.com\/reto\/?p=332"},"modified":"2011-02-23T19:01:18","modified_gmt":"2011-02-23T19:01:18","slug":"meloncillo","status":"publish","type":"post","link":"https:\/\/www.adismonta.com\/reto\/primavera\/meloncillo\/","title":{"rendered":"Meloncillo"},"content":{"rendered":"<p><a href=\"#subirfoto\"><img loading=\"lazy\" decoding=\"async\" class=\"alignleft size-full wp-image-456\" title=\"Sin imagen\" src=\"https:\/\/www.adismonta.com\/reto\/wp-content\/uploads\/2010\/10\/noimage.png\" alt=\"Invitaci\u00f3n para subir una foto a esta p\u00e1gina\" width=\"231\" height=\"206\" srcset=\"https:\/\/www.adismonta.com\/reto\/wp-content\/uploads\/2010\/10\/noimage.png 231w, https:\/\/www.adismonta.com\/reto\/wp-content\/uploads\/2010\/10\/noimage-150x133.png 150w\" sizes=\"auto, (max-width: 231px) 100vw, 231px\" \/><\/a>Mam\u00edfero de la familia de los viv\u00e9rridos. Se trata de una mangosta. Miden hasta 55 cm, incluido la cola y presentan un peso de hasta 3,5 kg en ejemplares adultos. Al contrario de la mayor\u00eda de los mam\u00edferos son de h\u00e1bitos diurnos. Por tanto es de los pocos mam\u00edferos de mediano tama\u00f1o que no es muy complicado observar en nuestros paseos por el campo. En Extremadura est\u00e1 ampliamente representado, pudi\u00e9ndolo encontrar casi en cualquier rinc\u00f3n de nuestra comunidad aut\u00f3noma. Se alimentan b\u00e1sicamente de peque\u00f1os mam\u00edferos, aves, insectos, crust\u00e1ceos, anfibios, peces y reptiles, incluido serpientes venenosas.<\/p>\n","protected":false},"excerpt":{"rendered":"<p>Mam\u00edfero de la familia de los viv\u00e9rridos. Se trata de una mangosta. Miden hasta 55 cm, incluido la cola y presentan un peso de hasta 3,5 kg en ejemplares adultos. Al contrario de la mayor\u00eda de los mam\u00edferos son de h\u00e1bitos diurnos. Por tanto es de los pocos mam\u00edferos de mediano tama\u00f1o que no es muy complicado observar en nuestros paseos [Leer mas&#8230;]<\/p>\n","protected":false},"author":1,"featured_media":456,"comment_status":"closed","ping_status":"closed","sticky":false,"template":"","format":"standard","meta":{"ngg_post_thumbnail":0,"footnotes":""},"categories":[15,38,14,12,13],"tags":[10,19],"class_list":["post-332","post","type-post","status-publish","format-standard","has-post-thumbnail","hentry","category-invierno-zonas-humedas","category-mamiferos","category-otono","category-primavera","category-verano","tag-bosque-serrano","tag-dehesa"],"_links":{"self":[{"href":"https:\/\/www.adismonta.com\/reto\/wp-json\/wp\/v2\/posts\/332","targetHints":{"allow":["GET"]}}],"collection":[{"href":"https:\/\/www.adismonta.com\/reto\/wp-json\/wp\/v2\/posts"}],"about":[{"href":"https:\/\/www.adismonta.com\/reto\/wp-json\/wp\/v2\/types\/post"}],"author":[{"embeddable":true,"href":"https:\/\/www.adismonta.com\/reto\/wp-json\/wp\/v2\/users\/1"}],"replies":[{"embeddable":true,"href":"https:\/\/www.adismonta.com\/reto\/wp-json\/wp\/v2\/comments?post=332"}],"version-history":[{"count":12,"href":"https:\/\/www.adismonta.com\/reto\/wp-json\/wp\/v2\/posts\/332\/revisions"}],"predecessor-version":[{"id":830,"href":"https:\/\/www.adismonta.com\/reto\/wp-json\/wp\/v2\/posts\/332\/revisions\/830"}],"wp:featuredmedia":[{"embeddable":true,"href":"https:\/\/www.adismonta.com\/reto\/wp-json\/wp\/v2\/media\/456"}],"wp:attachment":[{"href":"https:\/\/www.adismonta.com\/reto\/wp-json\/wp\/v2\/media?parent=332"}],"wp:term":[{"taxonomy":"category","embeddable":true,"href":"https:\/\/www.adismonta.com\/reto\/wp-json\/wp\/v2\/categories?post=332"},{"taxonomy":"post_tag","embeddable":true,"href":"https:\/\/www.adismonta.com\/reto\/wp-json\/wp\/v2\/tags?post=332"}],"curies":[{"name":"wp","href":"https:\/\/api.w.org\/{rel}","templated":true}]}}