{"id":938,"date":"2011-11-07T11:59:46","date_gmt":"2011-11-07T11:59:46","guid":{"rendered":"http:\/\/www.adismonta.com\/reto\/?p=938"},"modified":"2012-04-13T11:04:08","modified_gmt":"2012-04-13T11:04:08","slug":"sapo-de-espuelas-pelobates-cultripes","status":"publish","type":"post","link":"https:\/\/www.adismonta.com\/reto\/invierno-zonas-humedas\/sapo-de-espuelas-pelobates-cultripes\/","title":{"rendered":"Sapo de espuelas (Pelobates cultripes)"},"content":{"rendered":"<p>El nombre com\u00fan de este sapo de mediano tama\u00f1o hace referencia a una excrecencia negra que posee en las patas traseras que recuerda a una espuela. Este car\u00e1cter unido a las pupilas verticales hace que esta especie sea inconfundible. De coloraci\u00f3n variable, pero siempre sobre fondo blanquecino o gris, presenta en el dorso manchas pardas o verdes, mientras que por la parte inferior es uniformemente blanquecino. Es de h\u00e1bitos nocturnos, ocult\u00e1ndose durante el d\u00eda en galer\u00edas que \u00e9l mismo excava con sus patas traseras, que pueden llegar a ser de hasta un metro. Es m\u00e1s f\u00e1cil observarlos durante la \u00e9poca de reproducci\u00f3n, en primavera, aunque en ocasiones tambi\u00e9n lo hace durante el oto\u00f1o. Para ello elige charcas, remansos o corrientes lentas. Es una especie que puede soportar cierto grado de contaminaci\u00f3n en el agua. En la comarca podemos encontrarlo en zonas arenosas.<\/p>\n<div id=\"attachment_1001\" style=\"width: 310px\" class=\"wp-caption alignleft\"><a href=\"https:\/\/www.adismonta.com\/reto\/wp-content\/uploads\/2011\/11\/sapo-de-espuelas-Ana.jpg\"><img loading=\"lazy\" decoding=\"async\" aria-describedby=\"caption-attachment-1001\" class=\"size-medium wp-image-1001\" title=\"sapo de espuelas (Ana)\" src=\"https:\/\/www.adismonta.com\/reto\/wp-content\/uploads\/2011\/11\/sapo-de-espuelas-Ana-300x195.jpg\" alt=\"\" width=\"300\" height=\"195\" srcset=\"https:\/\/www.adismonta.com\/reto\/wp-content\/uploads\/2011\/11\/sapo-de-espuelas-Ana-300x195.jpg 300w, https:\/\/www.adismonta.com\/reto\/wp-content\/uploads\/2011\/11\/sapo-de-espuelas-Ana-150x97.jpg 150w, https:\/\/www.adismonta.com\/reto\/wp-content\/uploads\/2011\/11\/sapo-de-espuelas-Ana.jpg 398w\" sizes=\"auto, (max-width: 300px) 100vw, 300px\" \/><\/a><p id=\"caption-attachment-1001\" class=\"wp-caption-text\">Sapo de espuelas. Foto Ana Delgado<\/p><\/div>\n","protected":false},"excerpt":{"rendered":"<p>El nombre com\u00fan de este sapo de mediano tama\u00f1o hace referencia a una excrecencia negra que posee en las patas traseras que recuerda a una espuela. Este car\u00e1cter unido a las pupilas verticales hace que esta especie sea inconfundible. De coloraci\u00f3n variable, pero siempre sobre fondo blanquecino o gris, presenta en el dorso manchas pardas o verdes, mientras que por la [Leer mas&#8230;]<\/p>\n","protected":false},"author":2,"featured_media":1001,"comment_status":"closed","ping_status":"open","sticky":false,"template":"","format":"standard","meta":{"ngg_post_thumbnail":0,"footnotes":""},"categories":[40,15],"tags":[],"class_list":["post-938","post","type-post","status-publish","format-standard","has-post-thumbnail","hentry","category-anfibio","category-invierno-zonas-humedas"],"_links":{"self":[{"href":"https:\/\/www.adismonta.com\/reto\/wp-json\/wp\/v2\/posts\/938","targetHints":{"allow":["GET"]}}],"collection":[{"href":"https:\/\/www.adismonta.com\/reto\/wp-json\/wp\/v2\/posts"}],"about":[{"href":"https:\/\/www.adismonta.com\/reto\/wp-json\/wp\/v2\/types\/post"}],"author":[{"embeddable":true,"href":"https:\/\/www.adismonta.com\/reto\/wp-json\/wp\/v2\/users\/2"}],"replies":[{"embeddable":true,"href":"https:\/\/www.adismonta.com\/reto\/wp-json\/wp\/v2\/comments?post=938"}],"version-history":[{"count":3,"href":"https:\/\/www.adismonta.com\/reto\/wp-json\/wp\/v2\/posts\/938\/revisions"}],"predecessor-version":[{"id":1003,"href":"https:\/\/www.adismonta.com\/reto\/wp-json\/wp\/v2\/posts\/938\/revisions\/1003"}],"wp:featuredmedia":[{"embeddable":true,"href":"https:\/\/www.adismonta.com\/reto\/wp-json\/wp\/v2\/media\/1001"}],"wp:attachment":[{"href":"https:\/\/www.adismonta.com\/reto\/wp-json\/wp\/v2\/media?parent=938"}],"wp:term":[{"taxonomy":"category","embeddable":true,"href":"https:\/\/www.adismonta.com\/reto\/wp-json\/wp\/v2\/categories?post=938"},{"taxonomy":"post_tag","embeddable":true,"href":"https:\/\/www.adismonta.com\/reto\/wp-json\/wp\/v2\/tags?post=938"}],"curies":[{"name":"wp","href":"https:\/\/api.w.org\/{rel}","templated":true}]}}