{"id":947,"date":"2011-11-07T12:07:02","date_gmt":"2011-11-07T12:07:02","guid":{"rendered":"http:\/\/www.adismonta.com\/reto\/?p=947"},"modified":"2012-04-13T10:53:28","modified_gmt":"2012-04-13T10:53:28","slug":"lagarto-ocelado-timon-lepidus","status":"publish","type":"post","link":"https:\/\/www.adismonta.com\/reto\/primavera\/lagarto-ocelado-timon-lepidus\/","title":{"rendered":"Lagarto ocelado (Timon lepidus)"},"content":{"rendered":"<p>De todos los reptiles de la comarca, el lagarto ocelado es el que alcanza mayores dimensiones, pudiendo sobrepasar los 80 cm de cabeza a cola.<\/p>\n<p>El cuerpo es de tonos verdosos y en el dorso se observan manchas amarillas y pardas, mientras que en los costados muestran unos ocelos azules caracter\u00edsticos de la especie. Esta coloraci\u00f3n se hace m\u00e1s intensa durante la \u00e9poca de celo.<\/p>\n<p>Este lagarto, t\u00edpicamente mediterr\u00e1neo, elige lugares c\u00e1lidos y soleados. Suele esconderse entre las piedras o en madrigueras hechas por otros animales o cavadas por \u00e9l mismo. Es de h\u00e1bitos territoriales, por lo que es frecuente que podamos observar al mismo ejemplar sole\u00e1ndose sobre la misma piedra de forma recurrente.<\/p>\n<p>La poblaci\u00f3n de lagartos ocelados viene sufriendo durante los \u00faltimos a\u00f1os una profunda regresi\u00f3n debido, entre otras causas, a la caza por parte del hombre.<\/p>\n<div id=\"attachment_996\" style=\"width: 310px\" class=\"wp-caption alignleft\"><a href=\"https:\/\/www.adismonta.com\/reto\/wp-content\/uploads\/2011\/11\/Lagarto-ocelado-Jose-Ventura.jpg\"><img loading=\"lazy\" decoding=\"async\" aria-describedby=\"caption-attachment-996\" class=\"size-medium wp-image-996\" title=\"Lagarto ocelado (Jose Ventura)\" src=\"https:\/\/www.adismonta.com\/reto\/wp-content\/uploads\/2011\/11\/Lagarto-ocelado-Jose-Ventura-300x199.jpg\" alt=\"\" width=\"300\" height=\"199\" srcset=\"https:\/\/www.adismonta.com\/reto\/wp-content\/uploads\/2011\/11\/Lagarto-ocelado-Jose-Ventura-300x199.jpg 300w, https:\/\/www.adismonta.com\/reto\/wp-content\/uploads\/2011\/11\/Lagarto-ocelado-Jose-Ventura-150x99.jpg 150w, https:\/\/www.adismonta.com\/reto\/wp-content\/uploads\/2011\/11\/Lagarto-ocelado-Jose-Ventura-400x265.jpg 400w, https:\/\/www.adismonta.com\/reto\/wp-content\/uploads\/2011\/11\/Lagarto-ocelado-Jose-Ventura.jpg 903w\" sizes=\"auto, (max-width: 300px) 100vw, 300px\" \/><\/a><p id=\"caption-attachment-996\" class=\"wp-caption-text\">Lagarto ocelado. Foto Jos\u00e9 Ventura<\/p><\/div>\n","protected":false},"excerpt":{"rendered":"<p>De todos los reptiles de la comarca, el lagarto ocelado es el que alcanza mayores dimensiones, pudiendo sobrepasar los 80 cm de cabeza a cola.<\/p>\n<p>El cuerpo es de tonos verdosos y en el dorso se observan manchas amarillas y pardas, mientras que en los costados muestran unos ocelos azules caracter\u00edsticos de la especie. Esta coloraci\u00f3n se hace m\u00e1s intensa durante la [Leer mas&#8230;]<\/p>\n","protected":false},"author":2,"featured_media":996,"comment_status":"closed","ping_status":"open","sticky":false,"template":"","format":"standard","meta":{"ngg_post_thumbnail":0,"footnotes":""},"categories":[15,14,12,41,13],"tags":[],"class_list":["post-947","post","type-post","status-publish","format-standard","has-post-thumbnail","hentry","category-invierno-zonas-humedas","category-otono","category-primavera","category-reptiles","category-verano"],"_links":{"self":[{"href":"https:\/\/www.adismonta.com\/reto\/wp-json\/wp\/v2\/posts\/947","targetHints":{"allow":["GET"]}}],"collection":[{"href":"https:\/\/www.adismonta.com\/reto\/wp-json\/wp\/v2\/posts"}],"about":[{"href":"https:\/\/www.adismonta.com\/reto\/wp-json\/wp\/v2\/types\/post"}],"author":[{"embeddable":true,"href":"https:\/\/www.adismonta.com\/reto\/wp-json\/wp\/v2\/users\/2"}],"replies":[{"embeddable":true,"href":"https:\/\/www.adismonta.com\/reto\/wp-json\/wp\/v2\/comments?post=947"}],"version-history":[{"count":3,"href":"https:\/\/www.adismonta.com\/reto\/wp-json\/wp\/v2\/posts\/947\/revisions"}],"predecessor-version":[{"id":997,"href":"https:\/\/www.adismonta.com\/reto\/wp-json\/wp\/v2\/posts\/947\/revisions\/997"}],"wp:featuredmedia":[{"embeddable":true,"href":"https:\/\/www.adismonta.com\/reto\/wp-json\/wp\/v2\/media\/996"}],"wp:attachment":[{"href":"https:\/\/www.adismonta.com\/reto\/wp-json\/wp\/v2\/media?parent=947"}],"wp:term":[{"taxonomy":"category","embeddable":true,"href":"https:\/\/www.adismonta.com\/reto\/wp-json\/wp\/v2\/categories?post=947"},{"taxonomy":"post_tag","embeddable":true,"href":"https:\/\/www.adismonta.com\/reto\/wp-json\/wp\/v2\/tags?post=947"}],"curies":[{"name":"wp","href":"https:\/\/api.w.org\/{rel}","templated":true}]}}