{"id":993,"date":"2012-04-13T10:44:40","date_gmt":"2012-04-13T10:44:40","guid":{"rendered":"http:\/\/www.adismonta.com\/reto\/?p=993"},"modified":"2012-04-19T10:44:49","modified_gmt":"2012-04-19T10:44:49","slug":"ciervo-2","status":"publish","type":"post","link":"https:\/\/www.adismonta.com\/reto\/primavera\/ciervo-2\/","title":{"rendered":"Ciervo"},"content":{"rendered":"<div id=\"attachment_1011\" style=\"width: 282px\" class=\"wp-caption alignleft\"><a href=\"https:\/\/www.adismonta.com\/reto\/wp-content\/uploads\/2012\/04\/Ciervo.jpg\"><img loading=\"lazy\" decoding=\"async\" aria-describedby=\"caption-attachment-1011\" class=\"size-medium wp-image-1011\" title=\"Ciervo\" src=\"https:\/\/www.adismonta.com\/reto\/wp-content\/uploads\/2012\/04\/Ciervo-272x300.jpg\" alt=\"\" width=\"272\" height=\"300\" srcset=\"https:\/\/www.adismonta.com\/reto\/wp-content\/uploads\/2012\/04\/Ciervo-272x300.jpg 272w, https:\/\/www.adismonta.com\/reto\/wp-content\/uploads\/2012\/04\/Ciervo-136x150.jpg 136w, https:\/\/www.adismonta.com\/reto\/wp-content\/uploads\/2012\/04\/Ciervo-400x441.jpg 400w, https:\/\/www.adismonta.com\/reto\/wp-content\/uploads\/2012\/04\/Ciervo.jpg 544w\" sizes=\"auto, (max-width: 272px) 100vw, 272px\" \/><\/a><p id=\"caption-attachment-1011\" class=\"wp-caption-text\">Ciervo. Foto Jos\u00e9 Ventura<\/p><\/div>\n<p>Nombre Cient\u00edfico:: Cervus elaphus<\/p>\n<ul>\n<li>\u00c9poca para observar:: Todo el a\u00f1o<\/li>\n<li>Ecosistema:: Bosques (dehesas) y monte bajo<\/li>\n<\/ul>\n<p><a href=\"https:\/\/www.adismonta.com\/reto\/primavera\/ciervo\/#subirfoto#subirfoto\"><\/a><\/p>\n<p><a href=\"https:\/\/www.adismonta.com\/reto\/wp-content\/uploads\/2010\/10\/Ciervo.jpg\"><\/a><\/p>\n<p>\u00a0El mayor representante peninsular de la familia de los c\u00e9rvidos. Con pesos hasta 150 kilogramos en los machos y una alzada de hasta 130 cm. Se trata de un mam\u00edfero donde la diferencia entre machos y hembras es muy acentuada. La hembra carece de cuernos en todas las etapas de su vida, siendo el macho el \u00fanico que tiene cornamenta. Se estima que el tama\u00f1o de la cuerna y n\u00famero de puntas va aumentando con los a\u00f1os, hasta llegar a un \u00f3ptimo en torno a los 11-12 a\u00f1os. Es una especie estrictamente fit\u00f3faga. Como pasto prefiere gram\u00edneas y hierbas, mientras que en el oto\u00f1o busca las bellotas para acumular grasas para prepararse para el invierno. Una de las caracter\u00edsticas m\u00e1s atractivas de este animal para el ser humano es la etapa del celo. Entre septiembre y octubre el macho entrega a duros combates con otros machos para defender un har\u00e9n o territorio. Este periodo conocido como la Berrea llena el aire de sonidos emitidos por los machos (bramidos) audibles a varios kil\u00f3metros de distancia.<\/p>\n","protected":false},"excerpt":{"rendered":"<p id=\"caption-attachment-1011\" class=\"wp-caption-text\">Ciervo. Foto Jos\u00e9 Ventura<\/p>\n<p>Nombre Cient\u00edfico:: Cervus elaphus<\/p>\n<p>\u00c9poca para observar:: Todo el a\u00f1o<br \/>\nEcosistema:: Bosques (dehesas) y monte bajo<\/p>\n<\/p>\n<p>\u00a0El mayor representante peninsular de la familia de los c\u00e9rvidos. Con pesos hasta 150 kilogramos en los machos y una alzada de hasta 130 cm. Se trata de un mam\u00edfero donde la diferencia entre machos y hembras es muy acentuada. La hembra carece [Leer mas&#8230;]<\/p>\n","protected":false},"author":2,"featured_media":1011,"comment_status":"closed","ping_status":"open","sticky":false,"template":"","format":"standard","meta":{"ngg_post_thumbnail":0,"footnotes":""},"categories":[15,38,14,12,13],"tags":[],"class_list":["post-993","post","type-post","status-publish","format-standard","has-post-thumbnail","hentry","category-invierno-zonas-humedas","category-mamiferos","category-otono","category-primavera","category-verano"],"_links":{"self":[{"href":"https:\/\/www.adismonta.com\/reto\/wp-json\/wp\/v2\/posts\/993","targetHints":{"allow":["GET"]}}],"collection":[{"href":"https:\/\/www.adismonta.com\/reto\/wp-json\/wp\/v2\/posts"}],"about":[{"href":"https:\/\/www.adismonta.com\/reto\/wp-json\/wp\/v2\/types\/post"}],"author":[{"embeddable":true,"href":"https:\/\/www.adismonta.com\/reto\/wp-json\/wp\/v2\/users\/2"}],"replies":[{"embeddable":true,"href":"https:\/\/www.adismonta.com\/reto\/wp-json\/wp\/v2\/comments?post=993"}],"version-history":[{"count":4,"href":"https:\/\/www.adismonta.com\/reto\/wp-json\/wp\/v2\/posts\/993\/revisions"}],"predecessor-version":[{"id":1013,"href":"https:\/\/www.adismonta.com\/reto\/wp-json\/wp\/v2\/posts\/993\/revisions\/1013"}],"wp:featuredmedia":[{"embeddable":true,"href":"https:\/\/www.adismonta.com\/reto\/wp-json\/wp\/v2\/media\/1011"}],"wp:attachment":[{"href":"https:\/\/www.adismonta.com\/reto\/wp-json\/wp\/v2\/media?parent=993"}],"wp:term":[{"taxonomy":"category","embeddable":true,"href":"https:\/\/www.adismonta.com\/reto\/wp-json\/wp\/v2\/categories?post=993"},{"taxonomy":"post_tag","embeddable":true,"href":"https:\/\/www.adismonta.com\/reto\/wp-json\/wp\/v2\/tags?post=993"}],"curies":[{"name":"wp","href":"https:\/\/api.w.org\/{rel}","templated":true}]}}